{"id":11345,"date":"2025-03-26T13:04:08","date_gmt":"2025-03-26T12:04:08","guid":{"rendered":"https:\/\/www.regasenergy.com\/?p=11345"},"modified":"2025-08-26T11:29:50","modified_gmt":"2025-08-26T09:29:50","slug":"assemblatore-meccanico-capo-officina-sarego-vi","status":"publish","type":"post","link":"https:\/\/www.regasenergy.com\/en\/2025\/03\/26\/assemblatore-meccanico-capo-officina-sarego-vi\/","title":{"rendered":"Assemblatore meccanico e capo officina"},"content":{"rendered":"<p>In qualit\u00e0 di <strong>Assemblatore meccanico (esperto) e capo officina<\/strong>, entrerai a far parte del nostro team Operation, presso la nostra sede produttiva di <a href=\"https:\/\/maps.app.goo.gl\/eDcZL1Sq8jGuSYiT6\"><strong>Sarego (VI)<\/strong><\/a>.<\/p>\n<p>Verrai inserit* all\u2019interno di un\u2019organizzazione estremamente dinamica, in costante evoluzione e crescita. Per questo chiediamo alle nostre Persone un approccio proattivo, propositivo, orientato al cliente e al raggiungimento del risultato con performance di livello sempre pi\u00f9 alto e un miglioramento continuo e costante.<\/p>\n<p>Nel dettaglio ti potrai occupare di:<\/p>\n<ul>\n<li>assemblare <a href=\"https:\/\/www.regasenergy.com\/en\/products\/\">prodotti<\/a> meccanici ed elettromeccanici (ad esempio gruppi di riduzione, sistemi di iniezione ecc.), e sistemi di precisione;<\/li>\n<li>effettuare test e collaudi di prodotti brevettati e innovativi complessi;<\/li>\n<li>assemblaggio di assiemi certificati Atex;<\/li>\n<li>a supporto del team Operation (pianificazione, produzione e logistica), coordinare le attivit\u00e0 dell\u2019officina garantendo il rispetto delle tempistiche e delle procedure di assemblaggio e collaudo;<\/li>\n<li>partecipare attivamente e proattivamente al miglioramento (qualit\u00e0 ed efficienza) delle fasi produttive e dell\u2019organizzazione della produzione;<\/li>\n<li>potresti, inoltre, avere la possibilit\u00e0 di affiancare (sporadicamente) i tecnici specialisti durante le attivit\u00e0 di installazione in campo dei prodotti assemblati in produzione<\/li>\n<\/ul>\n<p>&nbsp;<\/p>\n<p>Che <strong>hard skills<\/strong> dovresti avere?<\/p>\n<ul>\n<li>Tipo di studio: qualifica professionale o diploma in ambito tecnico (meccanico\/pneumatico-idraulico\/elettromeccanico\/elettrico\/meccatronico);<\/li>\n<li>ottima <a href=\"https:\/\/www.linkedin.com\/posts\/regas-spa_regasenergy-green-progress-activity-7194720452571758592-9K1i?utm_source=share&amp;utm_medium=member_desktop&amp;rcm=ACoAABoIzI4B_Uw7n_MeCc8PFlOFuLX1uHfrVLc\">esperienza<\/a> nell\u2019assemblaggio di prodotti elettromeccanici a banco e buona manualit\u00e0;<\/li>\n<li>pregressa esperienza nella gestione di un reparto produttivo e\/o una piccola officina (almeno 2\/3 anni);<\/li>\n<li>buona dimestichezza nell\u2019utilizzo di dispositivi informatici e software (Pc, cellulare, software gestionali ecc.);<\/li>\n<li><u>ottima <\/u>conoscenza della lingua italiana (produzione orale, scritta e lettura).<\/li>\n<\/ul>\n<p>Quali sono le <a href=\"https:\/\/www.youtube.com\/watch?v=6pmR8zWeOt4\"><strong>soft skills<\/strong><\/a> che pi\u00f9 si adattano a ricoprire con successo questo ruolo?<\/p>\n<ul>\n<li>Spiccata e consolidata capacit\u00e0 di programmazione e organizzazione delle attivit\u00e0, di coordinamento di risorse, di interpretazione delle esigenze esterne ed interne, di ridefinizione delle priorit\u00e0;<\/li>\n<li>Ottime capacit\u00e0 di leadership coinvolgente;<\/li>\n<li>Ottime doti di problem solving;<\/li>\n<li>Buon senso di responsabilit\u00e0 e accountabilty;<\/li>\n<li>Forte motivazione al raggiungimento dei risultati;<\/li>\n<li>Buona propensione al miglioramento continuo;<\/li>\n<li>Dinamicit\u00e0, buona organizzazione personale e capacit\u00e0 di seguire in modo ordinato attivit\u00e0 diverse;<\/li>\n<li>Team working;<\/li>\n<li>Proattivit\u00e0.<\/li>\n<\/ul>\n<p><strong>Cosa ti puoi aspettare da noi<\/strong>:<\/p>\n<ul>\n<li>Avere l\u2019opportunit\u00e0 di entrare in un\u2019azienda in veloce e rapida crescita (organico, nuove acquisizioni per processi di M&amp;A, ampliamento del business di riferimento), in cui sentirti parte dello sviluppo energetico e tecnologico, contribuendo significativamente a fare la differenza dentro e fuori dall\u2019azienda;<\/li>\n<li>Potrai raccogliere ci\u00f2 che hai seminato, vedendoti inserit* in un punto centrale della realizzazione del futuro del mondo dell\u2019energia, in un ambiente ricco di stimoli, in cui potrai liberamente esprimere le tue idee e metterle a terra;<\/li>\n<li>Avrai modo di rimanere continuamente aggiornat* e crescere costantemente sviluppando forti e trasversali competenze tecniche, gestionali e ottime soft skills, sempre pi\u00f9 determinanti per avere un bagaglio professionale completo e solido.<\/li>\n<\/ul>\n<p><strong>Sede di lavoro<\/strong>: Regas \u2013 Monticello di Fara, Sarego (VI)<\/p>\n<h6>Il presente annuncio \u00e8 rivolto ad entrambi i sessi, ai sensi delle leggi 903\/77 e 125\/91, e a persone di tutte le et\u00e0 e tutte le nazionalit\u00e0, ai sensi dei decreti legislativi 215\/03 e 216\/03.<\/h6>\n","protected":false},"excerpt":{"rendered":"<p>In qualit\u00e0 di Assemblatore meccanico (esperto) e capo officina, entrerai a far parte del nostro team Operation, presso la nostra sede produttiva di Sarego (VI). Verrai inserit* all\u2019interno di un\u2019organizzazione estremamente dinamica, in costante evoluzione e crescita. Per questo chiediamo alle nostre Persone un approccio proattivo, propositivo, orientato al cliente e al raggiungimento del risultato con performance di livello sempre pi\u00f9 alto e un miglioramento&#8230; <\/p>\n<p class=\"more\"><a class=\"more-link\" href=\"https:\/\/www.regasenergy.com\/en\/2025\/03\/26\/assemblatore-meccanico-capo-officina-sarego-vi\/\">Read More<\/a><\/p>\n","protected":false},"author":2,"featured_media":0,"comment_status":"closed","ping_status":"closed","sticky":false,"template":"","format":"standard","meta":{"inline_featured_image":false,"footnotes":""},"categories":[15],"tags":[],"class_list":["post-11345","post","type-post","status-publish","format-standard","hentry","category-posizioni-aperte-en","is-cat-link-borders-light is-cat-link-rounded"],"yoast_head":"<!-- This site is optimized with the Yoast SEO plugin v26.8 - https:\/\/yoast.com\/product\/yoast-seo-wordpress\/ -->\n<title>Assemblatore meccanico e capo officina - REGAS<\/title>\n<meta name=\"description\" content=\"Ricerchiamo un\/a Assemblator* meccanico (espert*) e capo officinada inserire nel team Operation presso la nostra sede produttiva di Sarego (VI)\" \/>\n<meta name=\"robots\" content=\"index, follow, max-snippet:-1, max-image-preview:large, max-video-preview:-1\" \/>\n<link rel=\"canonical\" href=\"https:\/\/www.regasenergy.com\/en\/2025\/03\/26\/assemblatore-meccanico-capo-officina-sarego-vi\/\" \/>\n<meta property=\"og:locale\" content=\"en_US\" \/>\n<meta property=\"og:type\" content=\"article\" \/>\n<meta property=\"og:title\" content=\"Assemblatore meccanico e capo officina - REGAS\" \/>\n<meta property=\"og:description\" content=\"Ricerchiamo un\/a Assemblator* meccanico (espert*) e capo officinada inserire nel team Operation presso la nostra sede produttiva di Sarego (VI)\" \/>\n<meta property=\"og:url\" content=\"https:\/\/www.regasenergy.com\/en\/2025\/03\/26\/assemblatore-meccanico-capo-officina-sarego-vi\/\" \/>\n<meta property=\"og:site_name\" content=\"REGAS\" \/>\n<meta property=\"article:published_time\" content=\"2025-03-26T12:04:08+00:00\" \/>\n<meta property=\"article:modified_time\" content=\"2025-08-26T09:29:50+00:00\" \/>\n<meta name=\"author\" content=\"Regas Energy\" \/>\n<meta name=\"twitter:card\" content=\"summary_large_image\" \/>\n<meta name=\"twitter:label1\" content=\"Written by\" \/>\n\t<meta name=\"twitter:data1\" content=\"Regas Energy\" \/>\n\t<meta name=\"twitter:label2\" content=\"Est. reading time\" \/>\n\t<meta name=\"twitter:data2\" content=\"3 minutes\" \/>\n<script type=\"application\/ld+json\" class=\"yoast-schema-graph\">{\"@context\":\"https:\/\/schema.org\",\"@graph\":[{\"@type\":\"Article\",\"@id\":\"https:\/\/www.regasenergy.com\/en\/2025\/03\/26\/assemblatore-meccanico-capo-officina-sarego-vi\/#article\",\"isPartOf\":{\"@id\":\"https:\/\/www.regasenergy.com\/en\/2025\/03\/26\/assemblatore-meccanico-capo-officina-sarego-vi\/\"},\"author\":{\"name\":\"Regas Energy\",\"@id\":\"https:\/\/www.regasenergy.com\/#\/schema\/person\/f35d7c877aa0385d7d6a827dc4a67c5a\"},\"headline\":\"Assemblatore meccanico e capo officina\",\"datePublished\":\"2025-03-26T12:04:08+00:00\",\"dateModified\":\"2025-08-26T09:29:50+00:00\",\"mainEntityOfPage\":{\"@id\":\"https:\/\/www.regasenergy.com\/en\/2025\/03\/26\/assemblatore-meccanico-capo-officina-sarego-vi\/\"},\"wordCount\":496,\"publisher\":{\"@id\":\"https:\/\/www.regasenergy.com\/#organization\"},\"articleSection\":[\"Posizioni Aperte\"],\"inLanguage\":\"en-US\"},{\"@type\":\"WebPage\",\"@id\":\"https:\/\/www.regasenergy.com\/en\/2025\/03\/26\/assemblatore-meccanico-capo-officina-sarego-vi\/\",\"url\":\"https:\/\/www.regasenergy.com\/en\/2025\/03\/26\/assemblatore-meccanico-capo-officina-sarego-vi\/\",\"name\":\"Assemblatore meccanico e capo officina - REGAS\",\"isPartOf\":{\"@id\":\"https:\/\/www.regasenergy.com\/#website\"},\"datePublished\":\"2025-03-26T12:04:08+00:00\",\"dateModified\":\"2025-08-26T09:29:50+00:00\",\"description\":\"Ricerchiamo un\/a Assemblator* meccanico (espert*) e capo officinada inserire nel team Operation presso la nostra sede produttiva di Sarego (VI)\",\"breadcrumb\":{\"@id\":\"https:\/\/www.regasenergy.com\/en\/2025\/03\/26\/assemblatore-meccanico-capo-officina-sarego-vi\/#breadcrumb\"},\"inLanguage\":\"en-US\",\"potentialAction\":[{\"@type\":\"ReadAction\",\"target\":[\"https:\/\/www.regasenergy.com\/en\/2025\/03\/26\/assemblatore-meccanico-capo-officina-sarego-vi\/\"]}]},{\"@type\":\"BreadcrumbList\",\"@id\":\"https:\/\/www.regasenergy.com\/en\/2025\/03\/26\/assemblatore-meccanico-capo-officina-sarego-vi\/#breadcrumb\",\"itemListElement\":[{\"@type\":\"ListItem\",\"position\":1,\"name\":\"Home\",\"item\":\"https:\/\/www.regasenergy.com\/\"},{\"@type\":\"ListItem\",\"position\":2,\"name\":\"Assemblatore meccanico e capo officina\"}]},{\"@type\":\"WebSite\",\"@id\":\"https:\/\/www.regasenergy.com\/#website\",\"url\":\"https:\/\/www.regasenergy.com\/\",\"name\":\"REGAS\",\"description\":\"\",\"publisher\":{\"@id\":\"https:\/\/www.regasenergy.com\/#organization\"},\"potentialAction\":[{\"@type\":\"SearchAction\",\"target\":{\"@type\":\"EntryPoint\",\"urlTemplate\":\"https:\/\/www.regasenergy.com\/?s={search_term_string}\"},\"query-input\":{\"@type\":\"PropertyValueSpecification\",\"valueRequired\":true,\"valueName\":\"search_term_string\"}}],\"inLanguage\":\"en-US\"},{\"@type\":\"Organization\",\"@id\":\"https:\/\/www.regasenergy.com\/#organization\",\"name\":\"REGAS\",\"url\":\"https:\/\/www.regasenergy.com\/\",\"logo\":{\"@type\":\"ImageObject\",\"inLanguage\":\"en-US\",\"@id\":\"https:\/\/www.regasenergy.com\/#\/schema\/logo\/image\/\",\"url\":\"https:\/\/www.regasenergy.com\/wp-content\/uploads\/2025\/10\/news_regas_-1.jpg\",\"contentUrl\":\"https:\/\/www.regasenergy.com\/wp-content\/uploads\/2025\/10\/news_regas_-1.jpg\",\"width\":1060,\"height\":707,\"caption\":\"REGAS\"},\"image\":{\"@id\":\"https:\/\/www.regasenergy.com\/#\/schema\/logo\/image\/\"}},{\"@type\":\"Person\",\"@id\":\"https:\/\/www.regasenergy.com\/#\/schema\/person\/f35d7c877aa0385d7d6a827dc4a67c5a\",\"name\":\"Regas Energy\",\"url\":\"https:\/\/www.regasenergy.com\/en\/author\/re_ga_en\/\"}]}<\/script>\n<!-- \/ Yoast SEO plugin. -->","yoast_head_json":{"title":"Assemblatore meccanico e capo officina - REGAS","description":"Ricerchiamo un\/a Assemblator* meccanico (espert*) e capo officinada inserire nel team Operation presso la nostra sede produttiva di Sarego (VI)","robots":{"index":"index","follow":"follow","max-snippet":"max-snippet:-1","max-image-preview":"max-image-preview:large","max-video-preview":"max-video-preview:-1"},"canonical":"https:\/\/www.regasenergy.com\/en\/2025\/03\/26\/assemblatore-meccanico-capo-officina-sarego-vi\/","og_locale":"en_US","og_type":"article","og_title":"Assemblatore meccanico e capo officina - REGAS","og_description":"Ricerchiamo un\/a Assemblator* meccanico (espert*) e capo officinada inserire nel team Operation presso la nostra sede produttiva di Sarego (VI)","og_url":"https:\/\/www.regasenergy.com\/en\/2025\/03\/26\/assemblatore-meccanico-capo-officina-sarego-vi\/","og_site_name":"REGAS","article_published_time":"2025-03-26T12:04:08+00:00","article_modified_time":"2025-08-26T09:29:50+00:00","author":"Regas Energy","twitter_card":"summary_large_image","twitter_misc":{"Written by":"Regas Energy","Est. reading time":"3 minutes"},"schema":{"@context":"https:\/\/schema.org","@graph":[{"@type":"Article","@id":"https:\/\/www.regasenergy.com\/en\/2025\/03\/26\/assemblatore-meccanico-capo-officina-sarego-vi\/#article","isPartOf":{"@id":"https:\/\/www.regasenergy.com\/en\/2025\/03\/26\/assemblatore-meccanico-capo-officina-sarego-vi\/"},"author":{"name":"Regas Energy","@id":"https:\/\/www.regasenergy.com\/#\/schema\/person\/f35d7c877aa0385d7d6a827dc4a67c5a"},"headline":"Assemblatore meccanico e capo officina","datePublished":"2025-03-26T12:04:08+00:00","dateModified":"2025-08-26T09:29:50+00:00","mainEntityOfPage":{"@id":"https:\/\/www.regasenergy.com\/en\/2025\/03\/26\/assemblatore-meccanico-capo-officina-sarego-vi\/"},"wordCount":496,"publisher":{"@id":"https:\/\/www.regasenergy.com\/#organization"},"articleSection":["Posizioni Aperte"],"inLanguage":"en-US"},{"@type":"WebPage","@id":"https:\/\/www.regasenergy.com\/en\/2025\/03\/26\/assemblatore-meccanico-capo-officina-sarego-vi\/","url":"https:\/\/www.regasenergy.com\/en\/2025\/03\/26\/assemblatore-meccanico-capo-officina-sarego-vi\/","name":"Assemblatore meccanico e capo officina - REGAS","isPartOf":{"@id":"https:\/\/www.regasenergy.com\/#website"},"datePublished":"2025-03-26T12:04:08+00:00","dateModified":"2025-08-26T09:29:50+00:00","description":"Ricerchiamo un\/a Assemblator* meccanico (espert*) e capo officinada inserire nel team Operation presso la nostra sede produttiva di Sarego (VI)","breadcrumb":{"@id":"https:\/\/www.regasenergy.com\/en\/2025\/03\/26\/assemblatore-meccanico-capo-officina-sarego-vi\/#breadcrumb"},"inLanguage":"en-US","potentialAction":[{"@type":"ReadAction","target":["https:\/\/www.regasenergy.com\/en\/2025\/03\/26\/assemblatore-meccanico-capo-officina-sarego-vi\/"]}]},{"@type":"BreadcrumbList","@id":"https:\/\/www.regasenergy.com\/en\/2025\/03\/26\/assemblatore-meccanico-capo-officina-sarego-vi\/#breadcrumb","itemListElement":[{"@type":"ListItem","position":1,"name":"Home","item":"https:\/\/www.regasenergy.com\/"},{"@type":"ListItem","position":2,"name":"Assemblatore meccanico e capo officina"}]},{"@type":"WebSite","@id":"https:\/\/www.regasenergy.com\/#website","url":"https:\/\/www.regasenergy.com\/","name":"REGAS","description":"","publisher":{"@id":"https:\/\/www.regasenergy.com\/#organization"},"potentialAction":[{"@type":"SearchAction","target":{"@type":"EntryPoint","urlTemplate":"https:\/\/www.regasenergy.com\/?s={search_term_string}"},"query-input":{"@type":"PropertyValueSpecification","valueRequired":true,"valueName":"search_term_string"}}],"inLanguage":"en-US"},{"@type":"Organization","@id":"https:\/\/www.regasenergy.com\/#organization","name":"REGAS","url":"https:\/\/www.regasenergy.com\/","logo":{"@type":"ImageObject","inLanguage":"en-US","@id":"https:\/\/www.regasenergy.com\/#\/schema\/logo\/image\/","url":"https:\/\/www.regasenergy.com\/wp-content\/uploads\/2025\/10\/news_regas_-1.jpg","contentUrl":"https:\/\/www.regasenergy.com\/wp-content\/uploads\/2025\/10\/news_regas_-1.jpg","width":1060,"height":707,"caption":"REGAS"},"image":{"@id":"https:\/\/www.regasenergy.com\/#\/schema\/logo\/image\/"}},{"@type":"Person","@id":"https:\/\/www.regasenergy.com\/#\/schema\/person\/f35d7c877aa0385d7d6a827dc4a67c5a","name":"Regas Energy","url":"https:\/\/www.regasenergy.com\/en\/author\/re_ga_en\/"}]}},"_links":{"self":[{"href":"https:\/\/www.regasenergy.com\/en\/wp-json\/wp\/v2\/posts\/11345","targetHints":{"allow":["GET"]}}],"collection":[{"href":"https:\/\/www.regasenergy.com\/en\/wp-json\/wp\/v2\/posts"}],"about":[{"href":"https:\/\/www.regasenergy.com\/en\/wp-json\/wp\/v2\/types\/post"}],"author":[{"embeddable":true,"href":"https:\/\/www.regasenergy.com\/en\/wp-json\/wp\/v2\/users\/2"}],"replies":[{"embeddable":true,"href":"https:\/\/www.regasenergy.com\/en\/wp-json\/wp\/v2\/comments?post=11345"}],"version-history":[{"count":3,"href":"https:\/\/www.regasenergy.com\/en\/wp-json\/wp\/v2\/posts\/11345\/revisions"}],"predecessor-version":[{"id":11348,"href":"https:\/\/www.regasenergy.com\/en\/wp-json\/wp\/v2\/posts\/11345\/revisions\/11348"}],"wp:attachment":[{"href":"https:\/\/www.regasenergy.com\/en\/wp-json\/wp\/v2\/media?parent=11345"}],"wp:term":[{"taxonomy":"category","embeddable":true,"href":"https:\/\/www.regasenergy.com\/en\/wp-json\/wp\/v2\/categories?post=11345"},{"taxonomy":"post_tag","embeddable":true,"href":"https:\/\/www.regasenergy.com\/en\/wp-json\/wp\/v2\/tags?post=11345"}],"curies":[{"name":"wp","href":"https:\/\/api.w.org\/{rel}","templated":true}]}}